{"id":452,"date":"2025-01-08T23:19:26","date_gmt":"2025-01-08T22:19:26","guid":{"rendered":"https:\/\/valomilk.io\/?p=452"},"modified":"2025-09-08T23:21:49","modified_gmt":"2025-09-08T21:21:49","slug":"article-le-progres","status":"publish","type":"post","link":"https:\/\/valomilk.io\/it\/article-le-progres\/","title":{"rendered":"Article : Le Progr\u00e8s"},"content":{"rendered":"\t\t<div data-elementor-type=\"wp-post\" data-elementor-id=\"452\" class=\"elementor elementor-452\" data-elementor-post-type=\"post\">\n\t\t\t\t<div class=\"elementor-element elementor-element-2d46d8c9 e-flex e-con-boxed e-con e-parent\" data-id=\"2d46d8c9\" data-element_type=\"container\">\n\t\t\t\t\t<div class=\"e-con-inner\">\n\t\t\t\t<div class=\"elementor-element elementor-element-b9edc25 elementor-widget elementor-widget-text-editor\" data-id=\"b9edc25\" data-element_type=\"widget\" data-widget_type=\"text-editor.default\">\n\t\t\t\t<div class=\"elementor-widget-container\">\n\t\t\t\t\t\t\t\t\t<p data-start=\"210\" data-end=\"607\">Respiration difficile, baisse de production, perte de confort\u2026 Les vaches, comme leurs \u00e9leveurs, subissent de plein fouet les effets des fortes chaleurs. Cet article du <strong data-start=\"379\" data-end=\"406\">Progr\u00e8s (d\u00e9cembre 2024)<\/strong> met en lumi\u00e8re l\u2019exp\u00e9rimentation men\u00e9e avec le capteur <strong data-start=\"462\" data-end=\"476\">Valomilk <\/strong>(anciennement Innovalait), d\u00e9velopp\u00e9 par Ineso et Rh\u00f4ne Conseil \u00c9levage, pour mesurer le stress thermique et aider les \u00e9leveurs \u00e0 adapter leurs b\u00e2timents.<\/p>\t\t\t\t\t\t\t\t<\/div>\n\t\t\t\t<\/div>\n\t\t\t\t<div class=\"elementor-element elementor-element-eb47ceb elementor-widget elementor-widget-shortcode\" data-id=\"eb47ceb\" data-element_type=\"widget\" data-widget_type=\"shortcode.default\">\n\t\t\t\t<div class=\"elementor-widget-container\">\n\t\t\t\t\t\t\t<div class=\"elementor-shortcode\"><div class=\"_df_book df-lite\" id=\"df_448\"  _slug=\"article-le-progres\" data-title=\"article-le-progres\" wpoptions=\"true\" thumb=\"https:\/\/valomilk.io\/wp-content\/uploads\/2025\/09\/Capture-decran-2025-09-08-231758.png\" thumbtype=\"\" ><\/div><script class=\"df-shortcode-script\" nowprocket type=\"application\/javascript\">window.option_df_448 = {\"outline\":[],\"autoEnableOutline\":\"false\",\"autoEnableThumbnail\":\"false\",\"overwritePDFOutline\":\"false\",\"direction\":\"1\",\"pageSize\":\"0\",\"source\":\"https:\\\/\\\/valomilk.io\\\/wp-content\\\/uploads\\\/2025\\\/09\\\/c.leprogres.fr-Rhone.-Les-vaches-du-Rhone-et-leurs-eleveurs-face-au-dereglement-climatique-15122024.pdf\",\"wpOptions\":\"true\"}; if(window.DFLIP && window.DFLIP.parseBooks){window.DFLIP.parseBooks();}<\/script>\t<\/div>\n\t\t\t\t\t\t<\/div>\n\t\t\t\t<\/div>\n\t\t\t\t\t<\/div>\n\t\t\t\t<\/div>\n\t\t\t\t<\/div>\n\t\t","protected":false},"excerpt":{"rendered":"<p>Respiration difficile, baisse de production, perte de confort\u2026 Les vaches, comme leurs \u00e9leveurs, subissent de plein fouet les effets des fortes chaleurs. Cet article du Progr\u00e8s (d\u00e9cembre 2024) met en lumi\u00e8re l\u2019exp\u00e9rimentation men\u00e9e avec le capteur Valomilk (anciennement Innovalait), d\u00e9velopp\u00e9 par Ineso et Rh\u00f4ne Conseil \u00c9levage, pour mesurer le stress thermique et aider les \u00e9leveurs [&hellip;]<\/p>\n","protected":false},"author":2,"featured_media":457,"comment_status":"open","ping_status":"open","sticky":false,"template":"elementor_theme","format":"standard","meta":{"footnotes":""},"categories":[4,9],"tags":[],"class_list":["post-452","post","type-post","status-publish","format-standard","has-post-thumbnail","hentry","category-actualites","category-stress-thermique"],"_links":{"self":[{"href":"https:\/\/valomilk.io\/it\/wp-json\/wp\/v2\/posts\/452","targetHints":{"allow":["GET"]}}],"collection":[{"href":"https:\/\/valomilk.io\/it\/wp-json\/wp\/v2\/posts"}],"about":[{"href":"https:\/\/valomilk.io\/it\/wp-json\/wp\/v2\/types\/post"}],"author":[{"embeddable":true,"href":"https:\/\/valomilk.io\/it\/wp-json\/wp\/v2\/users\/2"}],"replies":[{"embeddable":true,"href":"https:\/\/valomilk.io\/it\/wp-json\/wp\/v2\/comments?post=452"}],"version-history":[{"count":5,"href":"https:\/\/valomilk.io\/it\/wp-json\/wp\/v2\/posts\/452\/revisions"}],"predecessor-version":[{"id":458,"href":"https:\/\/valomilk.io\/it\/wp-json\/wp\/v2\/posts\/452\/revisions\/458"}],"wp:featuredmedia":[{"embeddable":true,"href":"https:\/\/valomilk.io\/it\/wp-json\/wp\/v2\/media\/457"}],"wp:attachment":[{"href":"https:\/\/valomilk.io\/it\/wp-json\/wp\/v2\/media?parent=452"}],"wp:term":[{"taxonomy":"category","embeddable":true,"href":"https:\/\/valomilk.io\/it\/wp-json\/wp\/v2\/categories?post=452"},{"taxonomy":"post_tag","embeddable":true,"href":"https:\/\/valomilk.io\/it\/wp-json\/wp\/v2\/tags?post=452"}],"curies":[{"name":"wp","href":"https:\/\/api.w.org\/{rel}","templated":true}]}}